{"id":7823,"date":"2026-08-30T16:13:26","date_gmt":"2026-08-30T14:13:26","guid":{"rendered":"https:\/\/eto44.ovh\/?p=7823"},"modified":"2026-08-30T16:13:26","modified_gmt":"2026-08-30T14:13:26","slug":"etui-a-lunettes-dienst-brille","status":"publish","type":"post","link":"https:\/\/eto44.ovh\/?p=7823","title":{"rendered":"\u00c9tui \u00e0 lunettes Dienst-Brille"},"content":{"rendered":"\n<p class=\"wp-block-paragraph\">\u00c9tui m\u00e9tallique  destin\u00e9 au <strong>rangement et \u00e0 la protection de lunettes de vue r\u00e9glementaires<\/strong>, d\u00e9sign\u00e9es en allemand sous le terme <strong>\u00ab Dienst-Brille \u00bb<\/strong> (\u00ab lunettes de service \u00bb). Ce type d\u2019\u00e9tui \u00e9tait associ\u00e9 \u00e0 l\u2019\u00e9quipement individuel des militaires de la <strong>Wehrmacht<\/strong>.<\/p>\n\n\n\n<figure class=\"wp-block-image size-large\"><img loading=\"lazy\" decoding=\"async\" width=\"1024\" height=\"459\" src=\"https:\/\/eto44.ovh\/wp-content\/uploads\/2026\/08\/DienstBrille-1024x459.jpg\" alt=\"\" class=\"wp-image-7824\" srcset=\"https:\/\/eto44.ovh\/wp-content\/uploads\/2026\/08\/DienstBrille-1024x459.jpg 1024w, https:\/\/eto44.ovh\/wp-content\/uploads\/2026\/08\/DienstBrille-300x134.jpg 300w, https:\/\/eto44.ovh\/wp-content\/uploads\/2026\/08\/DienstBrille-768x344.jpg 768w, https:\/\/eto44.ovh\/wp-content\/uploads\/2026\/08\/DienstBrille.jpg 1247w\" sizes=\"auto, (max-width: 1024px) 100vw, 1024px\" \/><\/figure>\n\n\n\n<p class=\"wp-block-paragraph\">\u00a0<\/p>\n\n\n\n<figure class=\"wp-block-image size-large\"><img loading=\"lazy\" decoding=\"async\" width=\"1024\" height=\"355\" src=\"https:\/\/eto44.ovh\/wp-content\/uploads\/2026\/08\/DienstBrille_05-1024x355.jpg\" alt=\"\" class=\"wp-image-7825\" srcset=\"https:\/\/eto44.ovh\/wp-content\/uploads\/2026\/08\/DienstBrille_05-1024x355.jpg 1024w, https:\/\/eto44.ovh\/wp-content\/uploads\/2026\/08\/DienstBrille_05-300x104.jpg 300w, https:\/\/eto44.ovh\/wp-content\/uploads\/2026\/08\/DienstBrille_05-768x267.jpg 768w, https:\/\/eto44.ovh\/wp-content\/uploads\/2026\/08\/DienstBrille_05.jpg 1259w\" sizes=\"auto, (max-width: 1024px) 100vw, 1024px\" \/><\/figure>\n\n\n\n<p class=\"wp-block-paragraph\">Le couvercle porte une <strong>inscription manuscrite \u00ab MAZIER Raymond \u00bb<\/strong>, ajout\u00e9e ult\u00e9rieurement par un utilisateur afin de personnaliser et d\u2019identifier l\u2019\u00e9tui. Cette annotation a \u00e9t\u00e9 appos\u00e9e <strong>apr\u00e8s la Seconde Guerre mondiale<\/strong>. <\/p>\n\n\n\n<figure class=\"wp-block-image size-full\"><img loading=\"lazy\" decoding=\"async\" width=\"591\" height=\"223\" src=\"https:\/\/eto44.ovh\/wp-content\/uploads\/2026\/08\/DienstBrille_02.jpg\" alt=\"\" class=\"wp-image-7826\" srcset=\"https:\/\/eto44.ovh\/wp-content\/uploads\/2026\/08\/DienstBrille_02.jpg 591w, https:\/\/eto44.ovh\/wp-content\/uploads\/2026\/08\/DienstBrille_02-300x113.jpg 300w\" sizes=\"auto, (max-width: 591px) 100vw, 591px\" \/><\/figure>\n\n\n<div class=\"wp-block-image\">\n<figure class=\"aligncenter size-large\"><img loading=\"lazy\" decoding=\"async\" width=\"1024\" height=\"762\" src=\"https:\/\/eto44.ovh\/wp-content\/uploads\/2026\/08\/DienstBrille_03-1024x762.jpg\" alt=\"\" class=\"wp-image-7827\" srcset=\"https:\/\/eto44.ovh\/wp-content\/uploads\/2026\/08\/DienstBrille_03-1024x762.jpg 1024w, https:\/\/eto44.ovh\/wp-content\/uploads\/2026\/08\/DienstBrille_03-300x223.jpg 300w, https:\/\/eto44.ovh\/wp-content\/uploads\/2026\/08\/DienstBrille_03-768x572.jpg 768w, https:\/\/eto44.ovh\/wp-content\/uploads\/2026\/08\/DienstBrille_03.jpg 1040w\" sizes=\"auto, (max-width: 1024px) 100vw, 1024px\" \/><\/figure>\n<\/div>\n\n<div class=\"wp-block-image\">\n<figure class=\"aligncenter size-large\"><img loading=\"lazy\" decoding=\"async\" width=\"1024\" height=\"712\" src=\"https:\/\/eto44.ovh\/wp-content\/uploads\/2026\/08\/DienstBrille_04-1024x712.jpg\" alt=\"\" class=\"wp-image-7828\" srcset=\"https:\/\/eto44.ovh\/wp-content\/uploads\/2026\/08\/DienstBrille_04-1024x712.jpg 1024w, https:\/\/eto44.ovh\/wp-content\/uploads\/2026\/08\/DienstBrille_04-300x209.jpg 300w, https:\/\/eto44.ovh\/wp-content\/uploads\/2026\/08\/DienstBrille_04-768x534.jpg 768w, https:\/\/eto44.ovh\/wp-content\/uploads\/2026\/08\/DienstBrille_04.jpg 1313w\" sizes=\"auto, (max-width: 1024px) 100vw, 1024px\" \/><\/figure>\n<\/div>","protected":false},"excerpt":{"rendered":"<p class=\"text-justify mb-2\" >\u00c9tui m\u00e9tallique destin\u00e9 au rangement et \u00e0 la protection de lunettes de vue r\u00e9glementaires, d\u00e9sign\u00e9es en allemand sous le terme \u00ab Dienst-Brille \u00bb (\u00ab lunettes de service \u00bb). Ce type d\u2019\u00e9tui \u00e9tait associ\u00e9 \u00e0 l\u2019\u00e9quipement individuel des militaires de la Wehrmacht. \u00a0 Le couvercle porte [&hellip;]<\/p>\n","protected":false},"author":1,"featured_media":7824,"comment_status":"open","ping_status":"open","sticky":false,"template":"","format":"standard","meta":{"footnotes":""},"categories":[23],"tags":[],"class_list":["post-7823","post","type-post","status-publish","format-standard","has-post-thumbnail","hentry","category-allemagne"],"_links":{"self":[{"href":"https:\/\/eto44.ovh\/index.php?rest_route=\/wp\/v2\/posts\/7823","targetHints":{"allow":["GET"]}}],"collection":[{"href":"https:\/\/eto44.ovh\/index.php?rest_route=\/wp\/v2\/posts"}],"about":[{"href":"https:\/\/eto44.ovh\/index.php?rest_route=\/wp\/v2\/types\/post"}],"author":[{"embeddable":true,"href":"https:\/\/eto44.ovh\/index.php?rest_route=\/wp\/v2\/users\/1"}],"replies":[{"embeddable":true,"href":"https:\/\/eto44.ovh\/index.php?rest_route=%2Fwp%2Fv2%2Fcomments&post=7823"}],"version-history":[{"count":1,"href":"https:\/\/eto44.ovh\/index.php?rest_route=\/wp\/v2\/posts\/7823\/revisions"}],"predecessor-version":[{"id":7829,"href":"https:\/\/eto44.ovh\/index.php?rest_route=\/wp\/v2\/posts\/7823\/revisions\/7829"}],"wp:featuredmedia":[{"embeddable":true,"href":"https:\/\/eto44.ovh\/index.php?rest_route=\/wp\/v2\/media\/7824"}],"wp:attachment":[{"href":"https:\/\/eto44.ovh\/index.php?rest_route=%2Fwp%2Fv2%2Fmedia&parent=7823"}],"wp:term":[{"taxonomy":"category","embeddable":true,"href":"https:\/\/eto44.ovh\/index.php?rest_route=%2Fwp%2Fv2%2Fcategories&post=7823"},{"taxonomy":"post_tag","embeddable":true,"href":"https:\/\/eto44.ovh\/index.php?rest_route=%2Fwp%2Fv2%2Ftags&post=7823"}],"curies":[{"name":"wp","href":"https:\/\/api.w.org\/{rel}","templated":true}]}}